{"id":43698,"date":"2025-06-18T10:42:30","date_gmt":"2025-06-18T08:42:30","guid":{"rendered":"https:\/\/iicbruxelles.esteri.it\/?p=43698"},"modified":"2025-06-19T10:20:07","modified_gmt":"2025-06-19T08:20:07","slug":"millumino-dimmenso-bando-per-il-premio-internazionale-di-traduzione-di-poesia-dallitaliano-al-neerlandese","status":"publish","type":"post","link":"https:\/\/iicbruxelles.esteri.it\/fr\/news\/dall_istituto\/2025\/06\/millumino-dimmenso-bando-per-il-premio-internazionale-di-traduzione-di-poesia-dallitaliano-al-neerlandese\/","title":{"rendered":"\u2019ILLUMINO \/ D\u2019IMMENSO &#8211; Prix International de Traduction de Po\u00e9sie de l\u2019italien vers le fran\u00e7ais"},"content":{"rendered":"<p>L\u2019Institut Italien de Culture de Bruxelles et le Laboratoire Tr\u0101d\u016bxit, afin de promouvoir la traduction et la diffusion de la po\u00e9sie italienne dans les pays francophones, lancent la premi\u00e8re \u00e9dition du <em><strong>M\u2019ILLUMINO \/ D\u2019IMMENSO &#8211; Prix International de Traduction de Po\u00e9sie de l\u2019italien vers le fran\u00e7ais<\/strong><\/em><\/p>\n<p><a href=\"https:\/\/iicbruxelles.esteri.it\/wp-content\/uploads\/2025\/06\/Bando-MIDI-francese-2025-in-francese.pdf\">Bando MIDI francese 2025 in francese<\/a><\/p>\n","protected":false},"excerpt":{"rendered":"L\u2019Institut Italien de Culture de Bruxelles et le Laboratoire Tr\u0101d\u016bxit, afin de promouvoir la traduction et la diffusion de la po\u00e9sie italienne dans les pays francophones, lancent la premi\u00e8re \u00e9dition du M\u2019ILLUMINO \/ D\u2019IMMENSO &#8211; Prix International de Traduction de Po\u00e9sie de l\u2019italien vers le fran\u00e7ais Bando MIDI francese 2025 in francese","protected":false},"author":3,"featured_media":43712,"comment_status":"closed","ping_status":"closed","sticky":false,"template":"","format":"standard","meta":{"footnotes":""},"tags":[],"class_list":["post-43698","post","type-post","status-publish","format-standard","has-post-thumbnail","hentry"],"_links":{"self":[{"href":"https:\/\/iicbruxelles.esteri.it\/fr\/wp-json\/wp\/v2\/posts\/43698","targetHints":{"allow":["GET"]}}],"collection":[{"href":"https:\/\/iicbruxelles.esteri.it\/fr\/wp-json\/wp\/v2\/posts"}],"about":[{"href":"https:\/\/iicbruxelles.esteri.it\/fr\/wp-json\/wp\/v2\/types\/post"}],"author":[{"embeddable":true,"href":"https:\/\/iicbruxelles.esteri.it\/fr\/wp-json\/wp\/v2\/users\/3"}],"replies":[{"embeddable":true,"href":"https:\/\/iicbruxelles.esteri.it\/fr\/wp-json\/wp\/v2\/comments?post=43698"}],"version-history":[{"count":4,"href":"https:\/\/iicbruxelles.esteri.it\/fr\/wp-json\/wp\/v2\/posts\/43698\/revisions"}],"predecessor-version":[{"id":43748,"href":"https:\/\/iicbruxelles.esteri.it\/fr\/wp-json\/wp\/v2\/posts\/43698\/revisions\/43748"}],"wp:featuredmedia":[{"embeddable":true,"href":"https:\/\/iicbruxelles.esteri.it\/fr\/wp-json\/wp\/v2\/media\/43712"}],"wp:attachment":[{"href":"https:\/\/iicbruxelles.esteri.it\/fr\/wp-json\/wp\/v2\/media?parent=43698"}],"wp:term":[{"taxonomy":"post_tag","embeddable":true,"href":"https:\/\/iicbruxelles.esteri.it\/fr\/wp-json\/wp\/v2\/tags?post=43698"}],"curies":[{"name":"wp","href":"https:\/\/api.w.org\/{rel}","templated":true}]}}