{"id":52511,"date":"2025-11-16T11:01:35","date_gmt":"2025-11-16T09:01:35","guid":{"rendered":"https:\/\/iicbruxelles.esteri.it\/?p=52511"},"modified":"2025-11-20T17:29:10","modified_gmt":"2025-11-20T15:29:10","slug":"52511","status":"publish","type":"post","link":"https:\/\/iicbruxelles.esteri.it\/fr\/news\/dall_istituto\/2025\/11\/52511\/","title":{"rendered":"SERENA AUTIERI EN CONCERT \u2013 \u00ab Je veux vivre ainsi\u2026 \u00e0 l\u2019ITALIENNE ! \u00bb (13 novembre 2025)"},"content":{"rendered":"<p data-start=\"52\" data-end=\"145\"><strong data-start=\"52\" data-end=\"143\">SERENA AUTIERI EN CONCERT \u2013 \u00ab Je veux vivre ainsi\u2026 \u00e0 l\u2019ITALIENNE ! \u00bb (13 novembre 2025)<\/strong><\/p>\n<p data-start=\"147\" data-end=\"349\">Reportage de la correspondante de la RAI, Maril\u00f9 Lucrezio, pour le TG1.<\/p>\n<p style=\"text-align: center;\"><iframe loading=\"lazy\" title=\"YouTube video player\" src=\"https:\/\/www.youtube.com\/embed\/NiS5YX-S2_A?si=Bp64XJpxXIG06Q3A\" width=\"560\" height=\"315\" frameborder=\"0\" allowfullscreen=\"allowfullscreen\" data-mce-fragment=\"1\"><\/iframe><\/p>\n<p data-start=\"147\" data-end=\"349\"><br data-start=\"218\" data-end=\"221\" \/>Le concert a \u00e9t\u00e9 suivi d\u2019un talk-show avec le Prof. Pierre Di Toro, Directeur de <em data-start=\"302\" data-end=\"315\">Chiara Fama<\/em> de l\u2019Institut Italien de Culture.<\/p>\n<p data-start=\"351\" data-end=\"399\">Artiste invit\u00e9e du concert : <strong data-start=\"380\" data-end=\"399\">Giulia Griselli<\/strong><\/p>\n<p data-start=\"401\" data-end=\"1030\">Serena Autieri est l\u2019une des grandes protagonistes de la sc\u00e8ne italienne et une interpr\u00e8te d\u2019exception de la tradition musicale napolitaine, ainsi que du vaste r\u00e9pertoire italien et international.<br data-start=\"597\" data-end=\"600\" \/>\u00ab Je veux vivre ainsi\u2026 \u00e0 l\u2019ITALIENNE \u00bb est un voyage \u00e9mouvant \u00e0 travers les m\u00e9lodies qui ont marqu\u00e9 l\u2019histoire de la chanson italienne, de <em data-start=\"739\" data-end=\"747\">Caruso<\/em> \u00e0 <em data-start=\"750\" data-end=\"774\">Nel blu dipinto di blu<\/em>, en passant par des morceaux embl\u00e9matiques de la chanson napolitaine comme <em data-start=\"850\" data-end=\"878\">Munasterio \u2019e Santa Chiara<\/em>, <em data-start=\"880\" data-end=\"903\">Tu vu\u00f2 fa l\u2019americano<\/em>, <em data-start=\"905\" data-end=\"924\">Torna a Surriento<\/em>, ainsi que des classiques de la musique \u00e9trang\u00e8re tels que <em data-start=\"984\" data-end=\"1002\">Over the Rainbow<\/em>, <em data-start=\"1004\" data-end=\"1024\">New York, New York<\/em>, etc.<\/p>\n<p data-start=\"1032\" data-end=\"1556\">Chanteuse et actrice de th\u00e9\u00e2tre, de cin\u00e9ma et de t\u00e9l\u00e9vision, Serena Autieri acc\u00e8de tr\u00e8s jeune \u00e0 la notori\u00e9t\u00e9 et se produit aux c\u00f4t\u00e9s d\u2019artistes tels que Michael Bolton, Andrea Bocelli, Renato Zero, Claudio Baglioni, Lucio Dalla, Edoardo Bennato ou encore Ron.<br data-start=\"1291\" data-end=\"1294\" \/>Au th\u00e9\u00e2tre, elle collabore avec des ma\u00eetres tels que Giorgio Albertazzi, Pietro Garinei et Armando Trovajoli.<br data-start=\"1403\" data-end=\"1406\" \/>Au cin\u00e9ma, elle travaille avec des r\u00e9alisateurs de premier plan comme Carlo et Enrico Vanzina, Neri Parenti, Leonardo Pieraccioni et Alessandro Siani.<\/p>\n<p data-start=\"1558\" data-end=\"2489\">Elle est \u00e9galement protagoniste de nombreuses s\u00e9ries t\u00e9l\u00e9vis\u00e9es et animatrice de programmes tels que le Festival de Sanremo, le David di Donatello, <em data-start=\"1706\" data-end=\"1726\">Uno Mattina Estate<\/em>, <em data-start=\"1728\" data-end=\"1738\">Dedicato<\/em>, <em data-start=\"1740\" data-end=\"1751\">Serenight<\/em>.<br data-start=\"1752\" data-end=\"1755\" \/>En 2015, elle remporte le <em data-start=\"1781\" data-end=\"1799\">Nastro d\u2019Argento<\/em> de la Meilleure Actrice de com\u00e9die, ainsi que deux <em data-start=\"1851\" data-end=\"1868\">Biglietti d\u2019Oro<\/em> de la SIAE pour <em data-start=\"1885\" data-end=\"1906\">Il Principe Abusivo<\/em> et <em data-start=\"1910\" data-end=\"1933\">Si Accettano Miracoli<\/em>.<br data-start=\"1934\" data-end=\"1937\" \/>En 2016, elle re\u00e7oit l\u2019<strong data-start=\"1960\" data-end=\"1985\">Italian Musical Award<\/strong> pour la com\u00e9die musicale <em data-start=\"2011\" data-end=\"2027\">Vacanze Romane<\/em> et le <strong data-start=\"2034\" data-end=\"2056\">Prix Alberto Sordi<\/strong>.<br data-start=\"2057\" data-end=\"2060\" \/>Disney la choisit comme voix italienne du personnage d\u2019Elsa dans <em data-start=\"2125\" data-end=\"2146\">La Reine des Neiges<\/em> et <em data-start=\"2150\" data-end=\"2174\">La Reine des Neiges II<\/em>.<br data-start=\"2175\" data-end=\"2178\" \/>Au th\u00e9\u00e2tre, elle est la protagoniste de spectacles tels que <em data-start=\"2238\" data-end=\"2252\">Bulli e Pupe<\/em>, <em data-start=\"2254\" data-end=\"2270\">Vacanze Romane<\/em>, <em data-start=\"2272\" data-end=\"2288\">Diana &amp; Lady D<\/em>, <em data-start=\"2290\" data-end=\"2304\">La Sciantosa<\/em>, <em data-start=\"2306\" data-end=\"2324\">Rosso Napoletano<\/em>, <em data-start=\"2326\" data-end=\"2340\">My Fair Lady<\/em>.<br data-start=\"2341\" data-end=\"2344\" \/>Elle s\u2019est produite en concert \u00e0 Abou Dhabi, Los Angeles, Tokyo, Paris et Singapour ; elle a \u00e9t\u00e9 marraine du Pavillon Italie \u00e0 l\u2019Expo Osaka 2025.<\/p>\n<p data-start=\"2491\" data-end=\"2662\">L\u2019Institut Italien de Culture de Bruxelles et Serena Autieri ont d\u00e9di\u00e9 l\u2019\u00e9v\u00e9nement \u00e0 <strong data-start=\"2576\" data-end=\"2597\">\u00ab Neapolis 2500 \u00bb<\/strong>, c\u00e9l\u00e9bration des 2500 ans de la fondation de la ville de Naples.<\/p>\n","protected":false},"excerpt":{"rendered":"SERENA AUTIERI EN CONCERT \u2013 \u00ab Je veux vivre ainsi\u2026 \u00e0 l\u2019ITALIENNE ! \u00bb (13 novembre 2025) Reportage de la correspondante de la RAI, Maril\u00f9 Lucrezio, pour le TG1. Le concert a \u00e9t\u00e9 suivi d\u2019un talk-show avec le Prof. Pierre Di Toro, Directeur de Chiara Fama de l\u2019Institut Italien de Culture. Artiste invit\u00e9e du concert [&hellip;]","protected":false},"author":6,"featured_media":52520,"comment_status":"closed","ping_status":"closed","sticky":false,"template":"","format":"standard","meta":{"footnotes":""},"tags":[11,7],"class_list":["post-52511","post","type-post","status-publish","format-standard","has-post-thumbnail","hentry","tag-diplomazia-culturale","tag-italiani-nel-mondo"],"_links":{"self":[{"href":"https:\/\/iicbruxelles.esteri.it\/fr\/wp-json\/wp\/v2\/posts\/52511","targetHints":{"allow":["GET"]}}],"collection":[{"href":"https:\/\/iicbruxelles.esteri.it\/fr\/wp-json\/wp\/v2\/posts"}],"about":[{"href":"https:\/\/iicbruxelles.esteri.it\/fr\/wp-json\/wp\/v2\/types\/post"}],"author":[{"embeddable":true,"href":"https:\/\/iicbruxelles.esteri.it\/fr\/wp-json\/wp\/v2\/users\/6"}],"replies":[{"embeddable":true,"href":"https:\/\/iicbruxelles.esteri.it\/fr\/wp-json\/wp\/v2\/comments?post=52511"}],"version-history":[{"count":2,"href":"https:\/\/iicbruxelles.esteri.it\/fr\/wp-json\/wp\/v2\/posts\/52511\/revisions"}],"predecessor-version":[{"id":52517,"href":"https:\/\/iicbruxelles.esteri.it\/fr\/wp-json\/wp\/v2\/posts\/52511\/revisions\/52517"}],"wp:featuredmedia":[{"embeddable":true,"href":"https:\/\/iicbruxelles.esteri.it\/fr\/wp-json\/wp\/v2\/media\/52520"}],"wp:attachment":[{"href":"https:\/\/iicbruxelles.esteri.it\/fr\/wp-json\/wp\/v2\/media?parent=52511"}],"wp:term":[{"taxonomy":"post_tag","embeddable":true,"href":"https:\/\/iicbruxelles.esteri.it\/fr\/wp-json\/wp\/v2\/tags?post=52511"}],"curies":[{"name":"wp","href":"https:\/\/api.w.org\/{rel}","templated":true}]}}