{"id":9205,"date":"2024-01-18T15:03:57","date_gmt":"2024-01-18T13:03:57","guid":{"rendered":"https:\/\/iicbruxelles.esteri.it\/?p=9205"},"modified":"2024-02-05T16:43:10","modified_gmt":"2024-02-05T14:43:10","slug":"proiezione-del-film-ce-ancora-domani-di-paola-cortellesi","status":"publish","type":"post","link":"https:\/\/iicbruxelles.esteri.it\/it\/news\/dall_istituto\/2024\/01\/proiezione-del-film-ce-ancora-domani-di-paola-cortellesi\/","title":{"rendered":"Proiezione del film \u201cC\u2019\u00e8 ancora domani\u201d di Paola Cortellesi"},"content":{"rendered":"<div class=\"\" dir=\"auto\">\n<div id=\":rfb:\" class=\"x1iorvi4 x1pi30zi x1l90r2v x1swvt13\" data-ad-comet-preview=\"message\" data-ad-preview=\"message\">\n<div class=\"x78zum5 xdt5ytf xz62fqu x16ldp7u\">\n<div class=\"xu06os2 x1ok221b\">\n<div class=\"xdj266r x11i5rnm xat24cr x1mh8g0r x1vvkbs x126k92a\">\n<div dir=\"auto\">Non potendo dar seguito singolarmente alle moltissime telefonate, mail e messaggi ricevuti in questi giorni relative all\u2019evento del 2 febbraio, ci affidiamo a questo breve messaggio per rispondere alle vostre sollecitazioni.<\/div>\n<div dir=\"auto\">Il film di Paola Cortellesi \u201cC\u2019\u00e8 ancora domani\u201d sar\u00e0 nelle sale in tutto il Belgio a partire dal 20 marzo. La proiezione organizzata presso il nostro IIC \u00e8 resa possibile grazie alla gentile collaborazione con il Film Festival di Ostenda e alla disponibilit\u00e0 della produzione e della regista, che ringraziamo. Organizzare un ulteriore evento e da parte nostra non \u00e8 dunque possibile perch\u00e9 esistono precisi accordi di distribuzione.<\/div>\n<div dir=\"auto\">Ci hanno scritto in tanti, molti delusi, alcuni speranzosi, altri ancora critici della gestione della comunicazione. In assoluta trasparenza e per fugare qualunque dubbio in proposito, ci teniamo quindi a specificare che, contrariamente ad altri eventi, in cui la pubblicit\u00e0 della serata \u00e8 comparsa sul sito molto prima della newsletter, questa volta le due comunicazioni sono uscite a distanza di pochi minuti l\u2019una dall\u2019altra. I posti sono andati esauriti in meno di 15 minuti per via dell\u2019enorme interesse che l\u2019evento ha suscitato.<\/div>\n<div dir=\"auto\">La modalit\u00e0 di iscrizione tramite il sito ministeriale permette di registrare una persona per volta e richiede un indirizzo mail diverso per ciascuno, ad eccezione dei minori, che figurano invece sul biglietto dei genitori. L\u2019ingresso alla serata sar\u00e0 quindi garantito solo a chi avr\u00e0 ricevuto la mail di conferma a suo nome. Gli adulti che dovessero eventualmente comparire come prenotazioni di bambini non saranno accettati. Vi preghiamo quindi di verificare di aver effettuato correttamente la vostra prenotazione e di farci sapere se avete biglietti erroneamente registrati cos\u00ec, in modo che possiamo ridistribuirli.<\/div>\n<div dir=\"auto\">Ugualmente, se per ragioni personali o di salute, qualcuno dovesse rinunciare alla serata e ce lo volesse comunicare, anche all\u2019ultimo momento, saremo felici di mettere nuovamente a disposizione i posti nuovamente disponibili. In tal caso, il 30 gennaio apriremo la possibilit\u00e0 di nuove iscrizioni.<\/div>\n<div dir=\"auto\">Ci dispiace veramente non poter accogliere tutti quelli che hanno manifestato interesse e ci auguriamo di potervi accogliere numerosi ed entusiasti a tutti i nostri eventi.<\/div>\n<\/div>\n<\/div>\n<\/div>\n<\/div>\n<\/div>\n","protected":false},"excerpt":{"rendered":"Non potendo dar seguito singolarmente alle moltissime telefonate, mail e messaggi ricevuti in questi giorni relative all\u2019evento del 2 febbraio, ci affidiamo a questo breve messaggio per rispondere alle vostre sollecitazioni. Il film di Paola Cortellesi \u201cC\u2019\u00e8 ancora domani\u201d sar\u00e0 nelle sale in tutto il Belgio a partire dal 20 marzo. La proiezione organizzata presso [&hellip;]","protected":false},"author":6,"featured_media":8358,"comment_status":"closed","ping_status":"closed","sticky":false,"template":"","format":"standard","meta":{"footnotes":""},"tags":[],"class_list":["post-9205","post","type-post","status-publish","format-standard","has-post-thumbnail","hentry"],"_links":{"self":[{"href":"https:\/\/iicbruxelles.esteri.it\/it\/wp-json\/wp\/v2\/posts\/9205","targetHints":{"allow":["GET"]}}],"collection":[{"href":"https:\/\/iicbruxelles.esteri.it\/it\/wp-json\/wp\/v2\/posts"}],"about":[{"href":"https:\/\/iicbruxelles.esteri.it\/it\/wp-json\/wp\/v2\/types\/post"}],"author":[{"embeddable":true,"href":"https:\/\/iicbruxelles.esteri.it\/it\/wp-json\/wp\/v2\/users\/6"}],"replies":[{"embeddable":true,"href":"https:\/\/iicbruxelles.esteri.it\/it\/wp-json\/wp\/v2\/comments?post=9205"}],"version-history":[{"count":5,"href":"https:\/\/iicbruxelles.esteri.it\/it\/wp-json\/wp\/v2\/posts\/9205\/revisions"}],"predecessor-version":[{"id":9252,"href":"https:\/\/iicbruxelles.esteri.it\/it\/wp-json\/wp\/v2\/posts\/9205\/revisions\/9252"}],"wp:featuredmedia":[{"embeddable":true,"href":"https:\/\/iicbruxelles.esteri.it\/it\/wp-json\/wp\/v2\/media\/8358"}],"wp:attachment":[{"href":"https:\/\/iicbruxelles.esteri.it\/it\/wp-json\/wp\/v2\/media?parent=9205"}],"wp:term":[{"taxonomy":"post_tag","embeddable":true,"href":"https:\/\/iicbruxelles.esteri.it\/it\/wp-json\/wp\/v2\/tags?post=9205"}],"curies":[{"name":"wp","href":"https:\/\/api.w.org\/{rel}","templated":true}]}}